{"id":8796,"date":"2026-04-25T13:56:56","date_gmt":"2026-04-25T13:56:56","guid":{"rendered":"https:\/\/expertosencocheselectricos.com\/?p=8796"},"modified":"2026-04-25T13:56:56","modified_gmt":"2026-04-25T13:56:56","slug":"audi-e7x-presentacion-mundial-en-el-salon-del-automovil","status":"publish","type":"post","link":"https:\/\/expertosencocheselectricos.com\/?p=8796","title":{"rendered":"Audi E7X: Presentaci\u00f3n Mundial en el Sal\u00f3n del Autom\u00f3vil"},"content":{"rendered":"<p>En un evento que ha captado la atenci\u00f3n de los entusiastas del autom\u00f3vil de todo el mundo, Audi ha presentado por primera vez su nuevo modelo el\u00e9ctrico, el Audi E7X. Este lanzamiento tuvo lugar en un prestigioso sal\u00f3n del autom\u00f3vil, donde la marca alemana mostr\u00f3 su compromiso continuo con la innovaci\u00f3n y la sostenibilidad en la industria automotriz.<\/p>\n<p>El Audi E7X, que se exhibi\u00f3 en un entorno que simulaba paisajes invernales, destaca por su dise\u00f1o futurista y sus avanzadas caracter\u00edsticas tecnol\u00f3gicas. La presentaci\u00f3n del veh\u00edculo se realiz\u00f3 en un escenario rodeado de pantallas que proyectaban im\u00e1genes de carreteras nevadas, subrayando la capacidad del E7X para enfrentar condiciones de conducci\u00f3n dif\u00edciles.<\/p>\n<p>Este nuevo modelo es parte de la estrategia de Audi para expandir su l\u00ednea de veh\u00edculos el\u00e9ctricos, en respuesta a la creciente demanda de alternativas m\u00e1s ecol\u00f3gicas y eficientes. El E7X promete ofrecer una experiencia de conducci\u00f3n excepcional, combinando el rendimiento caracter\u00edstico de Audi con las ventajas de la tecnolog\u00eda el\u00e9ctrica.<\/p>\n<p>El dise\u00f1o del Audi E7X es una fusi\u00f3n de elegancia y funcionalidad. Su carrocer\u00eda aerodin\u00e1mica no solo mejora la eficiencia energ\u00e9tica, sino que tambi\u00e9n proporciona un aspecto moderno y sofisticado. En el interior, el veh\u00edculo est\u00e1 equipado con lo \u00faltimo en tecnolog\u00eda de infoentretenimiento y sistemas de asistencia al conductor, garantizando una experiencia de conducci\u00f3n segura y c\u00f3moda.<\/p>\n<p>Adem\u00e1s de su dise\u00f1o innovador, el E7X cuenta con un motor el\u00e9ctrico de alto rendimiento que ofrece una aceleraci\u00f3n impresionante y una autonom\u00eda que rivaliza con la de los veh\u00edculos de combusti\u00f3n interna. Este modelo est\u00e1 dise\u00f1ado para satisfacer las necesidades de los conductores modernos que buscan un veh\u00edculo sostenible sin comprometer el rendimiento.<\/p>\n<p>La presentaci\u00f3n del Audi E7X en este sal\u00f3n del autom\u00f3vil marca un hito importante para la marca, que contin\u00faa liderando el camino hacia un futuro m\u00e1s sostenible en la industria automotriz. Con este lanzamiento, Audi refuerza su compromiso con la innovaci\u00f3n y la movilidad el\u00e9ctrica, posicion\u00e1ndose como un actor clave en la transici\u00f3n hacia un transporte m\u00e1s limpio y eficiente.<\/p>\n<p>El evento de presentaci\u00f3n del Audi E7X no solo atrajo a periodistas y expertos del sector, sino tambi\u00e9n a potenciales compradores interesados en las \u00faltimas tendencias del mercado automotriz. La expectaci\u00f3n generada por este nuevo modelo refleja el inter\u00e9s creciente por los veh\u00edculos el\u00e9ctricos y la transformaci\u00f3n que est\u00e1 experimentando la industria.<\/p>\n<p>En resumen, el debut del Audi E7X en el sal\u00f3n del autom\u00f3vil es un claro indicativo de la direcci\u00f3n que est\u00e1 tomando la industria automotriz. Con su dise\u00f1o innovador, tecnolog\u00eda avanzada y compromiso con la sostenibilidad, el E7X representa el futuro de la movilidad y reafirma la posici\u00f3n de Audi como l\u00edder en el desarrollo de veh\u00edculos el\u00e9ctricos.<\/p>\n","protected":false},"excerpt":{"rendered":"<p>El nuevo modelo el\u00e9ctrico de Audi hace su debut en un prestigioso evento automovil\u00edstico.<\/p>\n","protected":false},"author":1,"featured_media":8797,"comment_status":"","ping_status":"","sticky":false,"template":"","format":"standard","meta":{"footnotes":""},"categories":[6],"tags":[],"class_list":["post-8796","post","type-post","status-publish","format-standard","has-post-thumbnail","hentry","category-noticia"],"_links":{"self":[{"href":"https:\/\/expertosencocheselectricos.com\/index.php?rest_route=\/wp\/v2\/posts\/8796","targetHints":{"allow":["GET"]}}],"collection":[{"href":"https:\/\/expertosencocheselectricos.com\/index.php?rest_route=\/wp\/v2\/posts"}],"about":[{"href":"https:\/\/expertosencocheselectricos.com\/index.php?rest_route=\/wp\/v2\/types\/post"}],"author":[{"embeddable":true,"href":"https:\/\/expertosencocheselectricos.com\/index.php?rest_route=\/wp\/v2\/users\/1"}],"replies":[{"embeddable":true,"href":"https:\/\/expertosencocheselectricos.com\/index.php?rest_route=%2Fwp%2Fv2%2Fcomments&post=8796"}],"version-history":[{"count":0,"href":"https:\/\/expertosencocheselectricos.com\/index.php?rest_route=\/wp\/v2\/posts\/8796\/revisions"}],"wp:featuredmedia":[{"embeddable":true,"href":"https:\/\/expertosencocheselectricos.com\/index.php?rest_route=\/wp\/v2\/media\/8797"}],"wp:attachment":[{"href":"https:\/\/expertosencocheselectricos.com\/index.php?rest_route=%2Fwp%2Fv2%2Fmedia&parent=8796"}],"wp:term":[{"taxonomy":"category","embeddable":true,"href":"https:\/\/expertosencocheselectricos.com\/index.php?rest_route=%2Fwp%2Fv2%2Fcategories&post=8796"},{"taxonomy":"post_tag","embeddable":true,"href":"https:\/\/expertosencocheselectricos.com\/index.php?rest_route=%2Fwp%2Fv2%2Ftags&post=8796"}],"curies":[{"name":"wp","href":"https:\/\/api.w.org\/{rel}","templated":true}]}}